
{"id":895,"date":"2016-12-16T00:18:01","date_gmt":"2016-12-15T23:18:01","guid":{"rendered":"http:\/\/www.moyimag.com\/fr\/?p=895"},"modified":"2017-11-24T21:46:30","modified_gmt":"2017-11-24T20:46:30","slug":"derriere-la-couverture","status":"publish","type":"post","link":"http:\/\/www.moyimag.com\/fr\/derriere-la-couverture\/","title":{"rendered":"Derri\u00e8re la couverture"},"content":{"rendered":"<div id=\"attachment_912\" style=\"width: 910px\" class=\"wp-caption alignnone\"><img loading=\"lazy\" decoding=\"async\" aria-describedby=\"caption-attachment-912\" class=\"wp-image-912\" src=\"http:\/\/www.moyimag.com\/wp-content\/uploads\/2016\/12\/MOYI-issue1-meetourcovergirl-daniarps-900x1239.png\" alt=\"Pour notre toute premi\u00e8re couverture, la d\u00e9coratrice Dani Arps prend la pose\" width=\"900\" height=\"1239\" srcset=\"http:\/\/www.moyimag.com\/wp-content\/uploads\/2016\/12\/MOYI-issue1-meetourcovergirl-daniarps-900x1239.png 900w, http:\/\/www.moyimag.com\/wp-content\/uploads\/2016\/12\/MOYI-issue1-meetourcovergirl-daniarps-650x895.png 650w, http:\/\/www.moyimag.com\/wp-content\/uploads\/2016\/12\/MOYI-issue1-meetourcovergirl-daniarps.png 1130w\" sizes=\"auto, (max-width: 900px) 100vw, 900px\" \/><p id=\"caption-attachment-912\" class=\"wp-caption-text\">Pour notre toute premi\u00e8re couverture, la d\u00e9coratrice Dani Arps prend la pose<\/p><\/div>\n<p>Dani Arps, la dynamique architecte d\u2019int\u00e9rieur install\u00e9e \u00e0 New York, nous a fait l\u2019honneur d\u2019accepter de figurer dans notre toute premi\u00e8re \u00e9dition. Une jeune femme cr\u00e9ative, Dani a trouv\u00e9 son cr\u00e9neau dans la conception de start-up. Nos lecteurs ont pu faire connaissance avec son bel int\u00e9rieur et son style exub\u00e9rant. Lors de notre visite dans son appartement d\u2019Harlem, nous avons eu un aper\u00e7u de son style particulier, mais il y&rsquo;a plus \u00e0 d\u00e9couvrir d&rsquo;une personne que ce que l&rsquo;on peut lire dans un seul\u00a0article.<br \/>\n<!--more--><\/p>\n<p>Nous sommes donc retourn\u00e9s nous\u00a0entretenir avec elle pour en apprendre davantage \u00e0 son sujet et savoir ce qui la fait avancer, ce qui l\u2019inspire en tant que d\u00e9coratrice, ce que cela lui a fait d\u2019\u00eatre en couverture de MOYI, et l\u2019importance qu\u2019elle accorde au magazine. Ensemble, nous avons donc retourn\u00e9 la couverture.<\/p>\n<p><img loading=\"lazy\" decoding=\"async\" class=\"alignnone size-medium wp-image-990\" src=\"http:\/\/www.moyimag.com\/wp-content\/uploads\/2016\/12\/unspecified-1-650x433.jpeg\" alt=\"unspecified-1\" width=\"650\" height=\"433\" srcset=\"http:\/\/www.moyimag.com\/wp-content\/uploads\/2016\/12\/unspecified-1-650x433.jpeg 650w, http:\/\/www.moyimag.com\/wp-content\/uploads\/2016\/12\/unspecified-1-900x600.jpeg 900w, http:\/\/www.moyimag.com\/wp-content\/uploads\/2016\/12\/unspecified-1.jpeg 2048w\" sizes=\"auto, (max-width: 650px) 100vw, 650px\" \/><\/p>\n<p><strong>MOYI<\/strong>:\u00a0Comment en \u00eates-vous venue au design et quelles sont vos sources d\u2019inspiration\u2009?<\/p>\n<p><strong>DA<\/strong>: Apr\u00e8s avoir obtenu une licence en beaux-arts et suivi une option en musique, je savais que je voulais me lancer dans une carri\u00e8re qui m\u2019offrirait une certaine stabilit\u00e9, mais qui me permettrait aussi de d\u00e9velopper ma cr\u00e9ativit\u00e9. L\u2019architecture d\u2019int\u00e9rieur repr\u00e9sentait une \u00e9volution naturelle pour moi, j\u2019ai donc d\u00e9cid\u00e9 de suivre une ma\u00eetrise \u00e0 l\u2019Institut Pratt de Brooklyn. Depuis que j\u2019exerce mon m\u00e9tier, je pense trouver mon inspiration simplement en vivant \u00e0 New York. Cette ville d\u00e9borde d\u2019\u00e9nergie, les gens sont tr\u00e8s diff\u00e9rents et intelligents&#8230; Comment ne pas y puiser de nouvelles id\u00e9es et ne pas laisser libre cours \u00e0 sa cr\u00e9ativit\u00e9\u2009?<\/p>\n<p><strong>MOYI<\/strong>: Qu\u2019avez-vous ressenti \u00e0 l\u2019id\u00e9e d\u2019appara\u00eetre sur la premi\u00e8re couverture de MOYI\u2009?<\/p>\n<p><strong>DA<\/strong>: Me retrouver sur la premi\u00e8re couverture du magazine est vraiment quelque chose d\u2019incroyable. J\u2019ai \u00e9t\u00e9 surprise et honor\u00e9e d\u2019\u00eatre choisie\u2009! Quand je l\u2019ai appris, j\u2019ai tout de suite appel\u00e9 ma famille et mes amis proches. Nous avons f\u00eat\u00e9 \u00e7a \u00e0 Harlem\u2009!<\/p>\n<div id=\"attachment_980\" style=\"width: 660px\" class=\"wp-caption alignnone\"><img loading=\"lazy\" decoding=\"async\" aria-describedby=\"caption-attachment-980\" class=\"wp-image-980 size-medium\" src=\"http:\/\/www.moyimag.com\/wp-content\/uploads\/2016\/12\/IMG_4000-1-650x433.jpg\" alt=\"img_4000\" width=\"650\" height=\"433\" srcset=\"http:\/\/www.moyimag.com\/wp-content\/uploads\/2016\/12\/IMG_4000-1-650x433.jpg 650w, http:\/\/www.moyimag.com\/wp-content\/uploads\/2016\/12\/IMG_4000-1-900x600.jpg 900w\" sizes=\"auto, (max-width: 650px) 100vw, 650px\" \/><p id=\"caption-attachment-980\" class=\"wp-caption-text\">Eligible Api, d\u00e9cor\u00e9 par Dani Arps (image: Dani Arps)<\/p><\/div>\n<p><strong>MOYI<\/strong>: Compte tenu de tout ce qui se passe dans le monde actuellement, pourquoi est-il si important d\u2019avoir un magazine consacr\u00e9 \u00e0 la diaspora africaine sous l\u2019angle du foyer et de la d\u00e9coration\u2009?<\/p>\n<p><strong>DA<\/strong>: Il est essentiel de savoir que le design et l\u2019architecture font partie de la culture africaine dans son ensemble. Quand on envisage le design sous un angle intellectuel, on s\u2019aper\u00e7oit qu\u2019il fait intimement partie de nous et qu\u2019il a une influence positive sur notre mani\u00e8re de vivre. Ce magazine permet de d\u00e9couvrir des designers issus de la diaspora, c\u2019est \u00e0 la fois formidable et n\u00e9cessaire.<\/p>\n<div id=\"attachment_987\" style=\"width: 660px\" class=\"wp-caption alignnone\"><img loading=\"lazy\" decoding=\"async\" aria-describedby=\"caption-attachment-987\" class=\"wp-image-987 size-medium\" src=\"http:\/\/www.moyimag.com\/wp-content\/uploads\/2016\/12\/IMG_3697-1-1-650x484.jpg\" alt=\"img_3697-1\" width=\"650\" height=\"484\" srcset=\"http:\/\/www.moyimag.com\/wp-content\/uploads\/2016\/12\/IMG_3697-1-1-650x484.jpg 650w, http:\/\/www.moyimag.com\/wp-content\/uploads\/2016\/12\/IMG_3697-1-1-900x670.jpg 900w\" sizes=\"auto, (max-width: 650px) 100vw, 650px\" \/><p id=\"caption-attachment-987\" class=\"wp-caption-text\">Eligible Api, d\u00e9cor\u00e9 par Dani Arps (image: Dani Arps)<\/p><\/div>\n<p><strong>MOYI<\/strong>: Quelle est l\u2019importance du design\u2009?<\/p>\n<p><strong>DA<\/strong>: Le design rev\u00eat de nombreux aspects importants, mais ce qui est fondamental, c\u2019est ce qui permet d\u2019obtenir un bon design \u2014 \u00e0 savoir, principalement, la forme et la fonctionnalit\u00e9. Un bon design am\u00e9liore la fonctionnalit\u00e9 d\u2019un espace ainsi que le sentiment g\u00e9n\u00e9ral qu\u2019il d\u00e9gage et son esth\u00e9tique.<\/p>\n<p><strong>MOYI<\/strong>: Quel serait, pour vous, le projet de design r\u00eav\u00e9 ?<\/p>\n<p><strong>DA<\/strong>: Ce projet est en quelque sorte en cours de r\u00e9alisation (j\u2019en parlerai prochainement), mais je peux vous dire qu\u2019il s\u2019agit de la conception d\u2019un espace de coworking. Cet espace serait le r\u00e9sultat de ma propre vision et de ma voix. Il serait industriel, \u00e9clectique et rehauss\u00e9 d\u2019une touche de la Renaissance de Harlem.<\/p>\n<p>&nbsp;<\/p>\n<h4>DANI ARPS<\/h4>\n<p><a href=\"http:\/\/www.daniarps.com\" target=\"_blank\" rel=\"noopener\">http:\/\/www.daniarps.com<\/a><\/p>\n","protected":false},"excerpt":{"rendered":"<p>Dani Arps, la dynamique architecte d\u2019int\u00e9rieur install\u00e9e \u00e0 New York, nous a fait l\u2019honneur d\u2019accepter de figurer dans notre toute premi\u00e8re \u00e9dition. Une jeune femme cr\u00e9ative, Dani a trouv\u00e9 son cr\u00e9neau dans la conception de start-up. Nos lecteurs ont pu faire connaissance avec son bel int\u00e9rieur et son style exub\u00e9rant. Lors de notre visite dans [&hellip;]<\/p>\n","protected":false},"author":2,"featured_media":990,"comment_status":"open","ping_status":"closed","sticky":false,"template":"","format":"standard","meta":{"_acf_changed":false,"pmpro_default_level":"","footnotes":""},"categories":[11],"tags":[],"class_list":["post-895","post","type-post","status-publish","format-standard","has-post-thumbnail","hentry","category-blog-category","author-jeanine-hays-bryan-mason","pmpro-has-access"],"acf":[],"_links":{"self":[{"href":"http:\/\/www.moyimag.com\/fr\/wp-json\/wp\/v2\/posts\/895","targetHints":{"allow":["GET"]}}],"collection":[{"href":"http:\/\/www.moyimag.com\/fr\/wp-json\/wp\/v2\/posts"}],"about":[{"href":"http:\/\/www.moyimag.com\/fr\/wp-json\/wp\/v2\/types\/post"}],"author":[{"embeddable":true,"href":"http:\/\/www.moyimag.com\/fr\/wp-json\/wp\/v2\/users\/2"}],"replies":[{"embeddable":true,"href":"http:\/\/www.moyimag.com\/fr\/wp-json\/wp\/v2\/comments?post=895"}],"version-history":[{"count":17,"href":"http:\/\/www.moyimag.com\/fr\/wp-json\/wp\/v2\/posts\/895\/revisions"}],"predecessor-version":[{"id":1530,"href":"http:\/\/www.moyimag.com\/fr\/wp-json\/wp\/v2\/posts\/895\/revisions\/1530"}],"wp:featuredmedia":[{"embeddable":true,"href":"http:\/\/www.moyimag.com\/fr\/wp-json\/wp\/v2\/media\/990"}],"wp:attachment":[{"href":"http:\/\/www.moyimag.com\/fr\/wp-json\/wp\/v2\/media?parent=895"}],"wp:term":[{"taxonomy":"category","embeddable":true,"href":"http:\/\/www.moyimag.com\/fr\/wp-json\/wp\/v2\/categories?post=895"},{"taxonomy":"post_tag","embeddable":true,"href":"http:\/\/www.moyimag.com\/fr\/wp-json\/wp\/v2\/tags?post=895"}],"curies":[{"name":"wp","href":"https:\/\/api.w.org\/{rel}","templated":true}]}}