
{"id":318,"date":"2016-08-06T09:07:24","date_gmt":"2016-08-06T07:07:24","guid":{"rendered":"http:\/\/www.moyimag.com\/fr\/?p=318"},"modified":"2017-11-24T22:21:26","modified_gmt":"2017-11-24T21:21:26","slug":"immersion-dans-le-monde-fantasme-de-soly-cisse","status":"publish","type":"post","link":"http:\/\/www.moyimag.com\/fr\/immersion-dans-le-monde-fantasme-de-soly-cisse\/","title":{"rendered":"Immersion dans le monde fantasm\u00e9 de Soly Ciss\u00e9"},"content":{"rendered":"<div id=\"attachment_319\" style=\"width: 642px\" class=\"wp-caption aligncenter\"><img loading=\"lazy\" decoding=\"async\" aria-describedby=\"caption-attachment-319\" class=\"size-full wp-image-319\" src=\"http:\/\/www.moyimag.com\/wp-content\/uploads\/2016\/05\/Rituels-2-2015-\u00a9-Solly-Ciss\u00e9.jpg\" alt=\"Rituels 2, collage, 2015 \u00a9 Solly Ciss\u00e9\" width=\"632\" height=\"476\" \/><p id=\"caption-attachment-319\" class=\"wp-caption-text\"><em>Rituels 2<\/em>, collage, 2015 \u00a9 Solly Ciss\u00e9<\/p><\/div>\n<p><strong>Le Clo\u00eetre des Billettes, \u00e0 Paris, accueillait du 14 au 30 juin dernier, l\u2019exposition <em>Spirits in the Wind<\/em> (litt\u00e9ralement, \u00ab\u00a0Esprits dans le Vent\u00a0\u00bb), enti\u00e8rement consacr\u00e9e au S\u00e9n\u00e9galais Soly Ciss\u00e9. A 47 ans, c\u2019est l\u2019un des artistes africains contemporains les plus en vue.<\/strong><!--more--><br \/>\nLe trait est reconnaissable entre tous. L\u2019univers \u00e9galement. Peupl\u00e9e de cr\u00e9atures chim\u00e9riques, all\u00e9gories de la monstruosit\u00e9 humaine, l\u2019\u0153uvre prot\u00e9iforme et pluridisciplinaire (peintures, collages, vid\u00e9os, installations, sculptures\u2026) de Soly Ciss\u00e9 instaure une mythologie nouvelle et in\u00e9dite. On peut y voir un clin d\u2019\u0153il aux rites animistes, mais il ne s\u2019agit \u00e9videmment pas que de cela. Car Soly Ciss\u00e9 aime laisser vagabonder son imaginaire, donner libre court \u00e0 ses pulsions ainsi qu\u2019\u00e0 son inconscient.<br \/>\nC\u2019est pourquoi le plasticien ignore d\u00e9lib\u00e9r\u00e9ment les r\u00e8gles acad\u00e9miques, brisant ainsi tous les codes, s\u2019affranchissant des fronti\u00e8res stylistiques et mat\u00e9rielles auxquelles les artistes africains sont si souvent cantonn\u00e9s. \u00ab\u00a0Un bon artiste est par essence international, affirme-t-il. Le talent n\u2019a pas de fronti\u00e8res. Il est universel (\u2026) La diffusion de l\u2019art contemporain africain passe par le filtre de quelques personnes, quelques commissaires, qui font parfois en sorte que l\u2019artiste africain reste na\u00eff et r\u00e9ponde aux attentes du public occidental. On demande souvent \u00e0 certains de mes coll\u00e8gues de rester dans (\u2026) l\u2019imagerie africaine traditionnelle et exotique\u00a0\u00bb.<br \/>\nUnique mais \u00e9tonnamment familier, \u00e0 la limite du figuratif, l\u2019art de Soly Ciss\u00e9 \u00e9voque l\u2019audace picturale d\u2019un Picasso, la spontan\u00e9it\u00e9 brute et presque pu\u00e9rile d\u2019un Basquiat. Parfois m\u00eame, dans un collage, sous la silhouette d\u2019une statue lobi (peuple d&rsquo;Afrique de l&rsquo;Ouest), on reconna\u00eet un Dubuffet. Des r\u00e9f\u00e9rences, plus ou moins \u00e9videntes, que l\u2019artiste s\u00e8me ici ou l\u00e0 et qu\u2019il revendique totalement\u00a0: \u00ab\u00a0Il ne s\u2019agit pas de copier, mais de bien dig\u00e9rer les influences. Les artistes peuvent emprunter, mais int\u00e9grer ces emprunts intelligemment \u00e0 leur travail. Plus on est influenc\u00e9, mieux c\u2019est. On peut m\u00eame ajouter et am\u00e9liorer, mettre en valeur les \u0153uvres d\u2019origine. C\u2019est la diff\u00e9rence entre copier et r\u00e9interpr\u00e9ter. Je n\u2019ai jamais eu de conflit, m\u00eame avec mes propres imitateurs.\u00a0\u00bb<\/p>\n<p>&nbsp;<\/p>\n<p>Soly\u00a0Ciss\u00e9\u00a0sera l\u2019invit\u00e9 de la\u00a011-\u00e8me\u00a0\u00e9dition du projet d\u2019\u00e9change artistique et culturel\u00a0Tambacounda-Gen\u00e8ve-Dakar\u00a0(TGD), pr\u00e9vue du 12 septembre au 16 octobre \u00e0 la Villa\u00a0Dutoit, \u00e0 Gen\u00e8ve (Suisse)<\/p>\n","protected":false},"excerpt":{"rendered":"<p>Le Clo\u00eetre des Billettes, \u00e0 Paris, accueillait du 14 au 30 juin dernier, l\u2019exposition Spirits in the Wind (litt\u00e9ralement, \u00ab\u00a0Esprits dans le Vent\u00a0\u00bb), enti\u00e8rement consacr\u00e9e au S\u00e9n\u00e9galais Soly Ciss\u00e9. A 47 ans, c\u2019est l\u2019un des artistes africains contemporains les plus en vue.<\/p>\n","protected":false},"author":3,"featured_media":319,"comment_status":"open","ping_status":"closed","sticky":false,"template":"","format":"standard","meta":{"_acf_changed":false,"pmpro_default_level":"","footnotes":""},"categories":[11],"tags":[141,142,140,137,143,139,144,138,136,145],"class_list":["post-318","post","type-post","status-publish","format-standard","has-post-thumbnail","hentry","category-blog-category","tag-art-plastique","tag-basquiat","tag-collage","tag-dakar","tag-dubuffet","tag-peinture","tag-picasso","tag-senegal","tag-soly-cisse","tag-spirits-in-the-wind","author-francoise-diboussi-fr","pmpro-has-access"],"acf":[],"_links":{"self":[{"href":"http:\/\/www.moyimag.com\/fr\/wp-json\/wp\/v2\/posts\/318","targetHints":{"allow":["GET"]}}],"collection":[{"href":"http:\/\/www.moyimag.com\/fr\/wp-json\/wp\/v2\/posts"}],"about":[{"href":"http:\/\/www.moyimag.com\/fr\/wp-json\/wp\/v2\/types\/post"}],"author":[{"embeddable":true,"href":"http:\/\/www.moyimag.com\/fr\/wp-json\/wp\/v2\/users\/3"}],"replies":[{"embeddable":true,"href":"http:\/\/www.moyimag.com\/fr\/wp-json\/wp\/v2\/comments?post=318"}],"version-history":[{"count":4,"href":"http:\/\/www.moyimag.com\/fr\/wp-json\/wp\/v2\/posts\/318\/revisions"}],"predecessor-version":[{"id":1533,"href":"http:\/\/www.moyimag.com\/fr\/wp-json\/wp\/v2\/posts\/318\/revisions\/1533"}],"wp:featuredmedia":[{"embeddable":true,"href":"http:\/\/www.moyimag.com\/fr\/wp-json\/wp\/v2\/media\/319"}],"wp:attachment":[{"href":"http:\/\/www.moyimag.com\/fr\/wp-json\/wp\/v2\/media?parent=318"}],"wp:term":[{"taxonomy":"category","embeddable":true,"href":"http:\/\/www.moyimag.com\/fr\/wp-json\/wp\/v2\/categories?post=318"},{"taxonomy":"post_tag","embeddable":true,"href":"http:\/\/www.moyimag.com\/fr\/wp-json\/wp\/v2\/tags?post=318"}],"curies":[{"name":"wp","href":"https:\/\/api.w.org\/{rel}","templated":true}]}}