
{"id":267,"date":"2016-05-17T12:06:05","date_gmt":"2016-05-17T10:06:05","guid":{"rendered":"http:\/\/www.moyimag.com\/fr\/?p=267"},"modified":"2016-10-01T20:28:32","modified_gmt":"2016-10-01T18:28:32","slug":"vlisco-au-musee","status":"publish","type":"post","link":"http:\/\/www.moyimag.com\/fr\/vlisco-au-musee\/","title":{"rendered":"Vlisco&#8230; au mus\u00e9e"},"content":{"rendered":"<div id=\"attachment_297\" style=\"width: 660px\" class=\"wp-caption alignnone\"><img loading=\"lazy\" decoding=\"async\" aria-describedby=\"caption-attachment-297\" class=\"wp-image-297 size-medium\" src=\"http:\/\/www.moyimag.com\/wp-content\/uploads\/2016\/05\/Vlisco_2014_Q2_Bloom_Campaign_06_R_RGB_96dpi-650x406.jpg\" alt=\"\" width=\"650\" height=\"406\" srcset=\"http:\/\/www.moyimag.com\/wp-content\/uploads\/2016\/05\/Vlisco_2014_Q2_Bloom_Campaign_06_R_RGB_96dpi-650x406.jpg 650w, http:\/\/www.moyimag.com\/wp-content\/uploads\/2016\/05\/Vlisco_2014_Q2_Bloom_Campaign_06_R_RGB_96dpi-800x500.jpg 800w\" sizes=\"auto, (max-width: 650px) 100vw, 650px\" \/><p id=\"caption-attachment-297\" class=\"wp-caption-text\">Collection Bloom, 2014, de Vlisco.<\/p><\/div>\n<p>Depuis le 30 avril dernier, le Mus\u00e9e d\u2019Art de Philadelphie consacre une exposition \u00e0 l\u2019enseigne textile la plus c\u00e9l\u00e8bre en\u00a0Afrique centrale et occidentale\u00a0: Vlisco.<!--more--> A travers l\u2019histoire de cette compagnie n\u00e9erlandaise, fond\u00e9e en 1846, on d\u00e9couvre comment les tissus wax, bien qu\u2019originellement con\u00e7us et fabriqu\u00e9s en Europe (puis en Asie), sont devenus incontournables dans la culture africaine.<br \/>\nPremier volet de <em>Creative Africa<\/em>, une s\u00e9rie d\u2019\u00e9v\u00e9nements d\u00e9di\u00e9s \u00e0 l\u2019art et au design issus du continent, cette exposition offre \u00e9galement l\u2019occasion de parcourir les motifs les plus embl\u00e9matiques de la marque ainsi que le processus de fabrication d\u2019un prototype.<\/p>\n<p><strong><em>Vlisco : African Fashion on a Global Stage<\/em><\/strong><br \/>\n<em> Jusqu\u2019au 22 janvier 2017 au Mus\u00e9e d\u2019Art de Philadelphie<\/em><\/p>\n","protected":false},"excerpt":{"rendered":"<p>Depuis le 30 avril dernier, le Mus\u00e9e d\u2019Art de Philadelphie consacre une exposition \u00e0 l\u2019enseigne textile la plus c\u00e9l\u00e8bre en\u00a0Afrique centrale et occidentale\u00a0: Vlisco.<\/p>\n","protected":false},"author":2,"featured_media":680,"comment_status":"open","ping_status":"closed","sticky":false,"template":"","format":"standard","meta":{"_acf_changed":false,"pmpro_default_level":"","footnotes":""},"categories":[11],"tags":[26,108,107],"class_list":["post-267","post","type-post","status-publish","format-standard","has-post-thumbnail","hentry","category-blog-category","tag-afrique","tag-musee-dart-de-philadelphie","tag-tissu-wax","author-francoise-diboussi-fr","pmpro-has-access"],"acf":[],"_links":{"self":[{"href":"http:\/\/www.moyimag.com\/fr\/wp-json\/wp\/v2\/posts\/267","targetHints":{"allow":["GET"]}}],"collection":[{"href":"http:\/\/www.moyimag.com\/fr\/wp-json\/wp\/v2\/posts"}],"about":[{"href":"http:\/\/www.moyimag.com\/fr\/wp-json\/wp\/v2\/types\/post"}],"author":[{"embeddable":true,"href":"http:\/\/www.moyimag.com\/fr\/wp-json\/wp\/v2\/users\/2"}],"replies":[{"embeddable":true,"href":"http:\/\/www.moyimag.com\/fr\/wp-json\/wp\/v2\/comments?post=267"}],"version-history":[{"count":7,"href":"http:\/\/www.moyimag.com\/fr\/wp-json\/wp\/v2\/posts\/267\/revisions"}],"predecessor-version":[{"id":301,"href":"http:\/\/www.moyimag.com\/fr\/wp-json\/wp\/v2\/posts\/267\/revisions\/301"}],"wp:featuredmedia":[{"embeddable":true,"href":"http:\/\/www.moyimag.com\/fr\/wp-json\/wp\/v2\/media\/680"}],"wp:attachment":[{"href":"http:\/\/www.moyimag.com\/fr\/wp-json\/wp\/v2\/media?parent=267"}],"wp:term":[{"taxonomy":"category","embeddable":true,"href":"http:\/\/www.moyimag.com\/fr\/wp-json\/wp\/v2\/categories?post=267"},{"taxonomy":"post_tag","embeddable":true,"href":"http:\/\/www.moyimag.com\/fr\/wp-json\/wp\/v2\/tags?post=267"}],"curies":[{"name":"wp","href":"https:\/\/api.w.org\/{rel}","templated":true}]}}