
{"id":1312,"date":"2017-07-17T00:41:40","date_gmt":"2017-07-16T22:41:40","guid":{"rendered":"http:\/\/www.moyimag.com\/fr\/africa-now-days-left\/"},"modified":"2017-11-24T20:45:33","modified_gmt":"2017-11-24T19:45:33","slug":"africa-now-days-left","status":"publish","type":"post","link":"http:\/\/www.moyimag.com\/fr\/africa-now-days-left\/","title":{"rendered":"Africa Now, plus que quelques jours\u00a0!"},"content":{"rendered":"<div id=\"attachment_1309\" style=\"width: 610px\" class=\"wp-caption alignnone\"><img loading=\"lazy\" decoding=\"async\" aria-describedby=\"caption-attachment-1309\" class=\"size-full wp-image-1309\" src=\"http:\/\/www.moyimag.com\/wp-content\/uploads\/2017\/07\/NGL_Damien_NamsaLeuba.jpg\" alt=\"Damien, Namsa Leuba 2015\" width=\"600\" height=\"832\" \/><p id=\"caption-attachment-1309\" class=\"wp-caption-text\">Damien, Namsa Leuba 2015<\/p><\/div>\n<p>En Afrique, on ne marche pas. On ne d\u00e9file pas. On parade\u00a0!<\/p>\n<p>Art, mode, design, musique&#8230; L\u2019Afrique, en pleine effervescence, d\u00e9gage une \u00e9nergie d\u00e9bordante. Inspir\u00e9e et inspirante. Le dynamisme de cette sc\u00e8ne \u00e9mergente est c\u00e9l\u00e9br\u00e9, depuis plusieurs semaines d\u00e9j\u00e0, aux Galeries Lafayette.<\/p>\n<p><!--more--><\/p>\n<p>L\u2019enseigne a invit\u00e9 de nombreux cr\u00e9ateurs \u00e0 investir l\u2019ensemble des magasins. Le photographe nig\u00e9rian Lakin Ogunbawo s\u2019affiche en vitrines, l\u2019artiste malagache Jo\u00ebl Andrianomearisoa a pris ses quartiers sous la Coupole et la commissaire d\u2019exposition germano-camerounaise Marie-Ann Yemsi convie une toute nouvelle g\u00e9n\u00e9ration d\u2019artistes du continent \u00e0 la Galerie des Galeries. Cette exposition baptis\u00e9e <i>Le jour qui vient<\/i>, initialement pr\u00e9vue jusqu\u2019au 10 juin, est quant \u00e0 elle prolong\u00e9e jusqu\u2019au 29 juillet 2017. On y court\u00a0!<\/p>\n<p>www.galerieslafayette.com<\/p>\n","protected":false},"excerpt":{"rendered":"<p>En Afrique, on ne marche pas. On ne d\u00e9file pas. On parade\u00a0! Art, mode, design, musique&#8230; L\u2019Afrique, en pleine effervescence, d\u00e9gage une \u00e9nergie d\u00e9bordante. Inspir\u00e9e et inspirante. Le dynamisme de cette sc\u00e8ne \u00e9mergente est c\u00e9l\u00e9br\u00e9, depuis plusieurs semaines d\u00e9j\u00e0, aux Galeries Lafayette.<\/p>\n","protected":false},"author":2,"featured_media":1310,"comment_status":"open","ping_status":"closed","sticky":false,"template":"","format":"standard","meta":{"_acf_changed":false,"pmpro_default_level":"","footnotes":""},"categories":[11],"tags":[188,190,189],"class_list":["post-1312","post","type-post","status-publish","format-standard","has-post-thumbnail","hentry","category-blog-category","tag-africa","tag-exhibition","tag-galeries-lafayette","author-gwennaelle-gribaumont","pmpro-has-access"],"acf":[],"_links":{"self":[{"href":"http:\/\/www.moyimag.com\/fr\/wp-json\/wp\/v2\/posts\/1312","targetHints":{"allow":["GET"]}}],"collection":[{"href":"http:\/\/www.moyimag.com\/fr\/wp-json\/wp\/v2\/posts"}],"about":[{"href":"http:\/\/www.moyimag.com\/fr\/wp-json\/wp\/v2\/types\/post"}],"author":[{"embeddable":true,"href":"http:\/\/www.moyimag.com\/fr\/wp-json\/wp\/v2\/users\/2"}],"replies":[{"embeddable":true,"href":"http:\/\/www.moyimag.com\/fr\/wp-json\/wp\/v2\/comments?post=1312"}],"version-history":[{"count":4,"href":"http:\/\/www.moyimag.com\/fr\/wp-json\/wp\/v2\/posts\/1312\/revisions"}],"predecessor-version":[{"id":1521,"href":"http:\/\/www.moyimag.com\/fr\/wp-json\/wp\/v2\/posts\/1312\/revisions\/1521"}],"wp:featuredmedia":[{"embeddable":true,"href":"http:\/\/www.moyimag.com\/fr\/wp-json\/wp\/v2\/media\/1310"}],"wp:attachment":[{"href":"http:\/\/www.moyimag.com\/fr\/wp-json\/wp\/v2\/media?parent=1312"}],"wp:term":[{"taxonomy":"category","embeddable":true,"href":"http:\/\/www.moyimag.com\/fr\/wp-json\/wp\/v2\/categories?post=1312"},{"taxonomy":"post_tag","embeddable":true,"href":"http:\/\/www.moyimag.com\/fr\/wp-json\/wp\/v2\/tags?post=1312"}],"curies":[{"name":"wp","href":"https:\/\/api.w.org\/{rel}","templated":true}]}}