
{"id":1276,"date":"2017-06-24T01:02:58","date_gmt":"2017-06-23T23:02:58","guid":{"rendered":"http:\/\/www.moyimag.com\/fr\/?p=1276"},"modified":"2017-11-24T20:53:38","modified_gmt":"2017-11-24T19:53:38","slug":"salif-keita-en-tournee","status":"publish","type":"post","link":"http:\/\/www.moyimag.com\/fr\/salif-keita-en-tournee\/","title":{"rendered":"Salif Keita en tourn\u00e9e"},"content":{"rendered":"<div id=\"attachment_1304\" style=\"width: 660px\" class=\"wp-caption alignnone\"><img loading=\"lazy\" decoding=\"async\" aria-describedby=\"caption-attachment-1304\" class=\"size-medium wp-image-1304\" src=\"http:\/\/www.moyimag.com\/wp-content\/uploads\/2017\/06\/Salif-Salif_Keita-copy-4-650x488.jpg\" alt=\"Le compositeur et musicien malien Salif Keita au Festival international Cervantino, 2015 \u00a9 ProtoplasmaKid \/ Wikimedia Commons \/ CC-BY-SA 4.0\" width=\"650\" height=\"488\" srcset=\"http:\/\/www.moyimag.com\/wp-content\/uploads\/2017\/06\/Salif-Salif_Keita-copy-4-650x488.jpg 650w, http:\/\/www.moyimag.com\/wp-content\/uploads\/2017\/06\/Salif-Salif_Keita-copy-4-900x675.jpg 900w, http:\/\/www.moyimag.com\/wp-content\/uploads\/2017\/06\/Salif-Salif_Keita-copy-4.jpg 2000w\" sizes=\"auto, (max-width: 650px) 100vw, 650px\" \/><p id=\"caption-attachment-1304\" class=\"wp-caption-text\">Le compositeur et musicien malien Salif Keita au Festival international Cervantino, 2015 \u00a9 ProtoplasmaKid \/ Wikimedia Commons \/ CC-BY-SA 4.0<\/p><\/div>\n<p><b>Accompagn\u00e9 d&rsquo;un joueur de <i>nora<\/i>, d&rsquo;un joueur de <i>n\u2019goni<\/i> et de deux choristes, Salif Keita entame son Acoustic Tour\u00a0avec un r\u00e9pertoire balayant quelque trente ann\u00e9es de carri\u00e8re.\u00a0<\/b><\/p>\n<p>Apr\u00e8s avoir explor\u00e9 diff\u00e9rents styles musicaux (aux influences maliennes, cubaines, et za\u00efroises), l\u2019artiste d\u00e9cide de revenir \u00e0 une formule plus intimiste et acoustique. Un retour \u00e0 ses racines. <!--more-->Une r\u00e9trospective sensationnelle \u00e0 travers laquelle Salif Keita plonge les spectateurs au c\u0153ur de l\u2019\u00e2me moderne de la musique mandingue. Connu autant pour son exceptionnel talent musical \u2013 son album Soro en 1987 est un des disques fondateurs de la world music \u2013 que pour son engagement aupr\u00e8s des enfants maliens, en particuliers les albinos comme lui, l\u2019artiste au grand c\u0153ur s\u2019est lanc\u00e9 dans cette tourn\u00e9e europ\u00e9enne en dehors de toute actualit\u00e9 discographique. Une occasion unique de (re)d\u00e9couvrir\u00a0celui qui a \u00e9t\u00e9 surnomm\u00e9 la \u00ab voix d\u2019or de l\u2019Afrique \u00bb.<\/p>\n<p><i>\u00c0 d\u00e9couvrir le\u00a0:\u00a0<\/i><\/p>\n<p><i>23 juin 2017 \u00e0 Villeurbanne (France), festival \u00ab\u00a0Les invit\u00e9s de \u00ab\u00a0Villeurbanne\u00a0\u00bb<\/i><\/p>\n<p><i>13 juillet 2017 \u00e0 Madrid (Espagne), Jardin Botanico Alfonso XIII \u2013 Universidad Complutense de Madrid<\/i><\/p>\n<p><i>12 ao\u00fbt \u00e0 Hambourg (Allemagne), CARLS an der Elbphilharmonie<\/i><\/p>\n<p><i>23 septembre 2017 \u00e0 Paris (France), Accorhotels Arena<\/i><\/p>\n","protected":false},"excerpt":{"rendered":"<p>Accompagn\u00e9 d&rsquo;un joueur de nora, d&rsquo;un joueur de n\u2019goni et de deux choristes, Salif Keita entame son Acoustic Tour\u00a0avec un r\u00e9pertoire balayant quelque trente ann\u00e9es de carri\u00e8re.\u00a0 Apr\u00e8s avoir explor\u00e9 diff\u00e9rents styles musicaux (aux influences maliennes, cubaines, et za\u00efroises), l\u2019artiste d\u00e9cide de revenir \u00e0 une formule plus intimiste et acoustique. Un retour \u00e0 ses racines.<\/p>\n","protected":false},"author":2,"featured_media":1277,"comment_status":"open","ping_status":"closed","sticky":false,"template":"","format":"standard","meta":{"_acf_changed":false,"pmpro_default_level":"","footnotes":""},"categories":[11],"tags":[182,180,114,179,181],"class_list":["post-1276","post","type-post","status-publish","format-standard","has-post-thumbnail","hentry","category-blog-category","tag-events","tag-mali","tag-paris","tag-selif-keita","tag-singer","author-gwennaelle-gribaumont","pmpro-has-access"],"acf":[],"_links":{"self":[{"href":"http:\/\/www.moyimag.com\/fr\/wp-json\/wp\/v2\/posts\/1276","targetHints":{"allow":["GET"]}}],"collection":[{"href":"http:\/\/www.moyimag.com\/fr\/wp-json\/wp\/v2\/posts"}],"about":[{"href":"http:\/\/www.moyimag.com\/fr\/wp-json\/wp\/v2\/types\/post"}],"author":[{"embeddable":true,"href":"http:\/\/www.moyimag.com\/fr\/wp-json\/wp\/v2\/users\/2"}],"replies":[{"embeddable":true,"href":"http:\/\/www.moyimag.com\/fr\/wp-json\/wp\/v2\/comments?post=1276"}],"version-history":[{"count":6,"href":"http:\/\/www.moyimag.com\/fr\/wp-json\/wp\/v2\/posts\/1276\/revisions"}],"predecessor-version":[{"id":1522,"href":"http:\/\/www.moyimag.com\/fr\/wp-json\/wp\/v2\/posts\/1276\/revisions\/1522"}],"wp:featuredmedia":[{"embeddable":true,"href":"http:\/\/www.moyimag.com\/fr\/wp-json\/wp\/v2\/media\/1277"}],"wp:attachment":[{"href":"http:\/\/www.moyimag.com\/fr\/wp-json\/wp\/v2\/media?parent=1276"}],"wp:term":[{"taxonomy":"category","embeddable":true,"href":"http:\/\/www.moyimag.com\/fr\/wp-json\/wp\/v2\/categories?post=1276"},{"taxonomy":"post_tag","embeddable":true,"href":"http:\/\/www.moyimag.com\/fr\/wp-json\/wp\/v2\/tags?post=1276"}],"curies":[{"name":"wp","href":"https:\/\/api.w.org\/{rel}","templated":true}]}}